{"id":3094,"date":"2026-08-20T11:51:01","date_gmt":"2026-08-20T09:51:01","guid":{"rendered":"https:\/\/jclebrun.eu\/blog\/?p=3094"},"modified":"2026-08-21T10:03:33","modified_gmt":"2026-08-21T08:03:33","slug":"raphael-jerusalmy","status":"publish","type":"post","link":"https:\/\/jclebrun.eu\/blog\/2026\/08\/20\/raphael-jerusalmy\/","title":{"rendered":"Rapha\u00ebl JERUSALMY"},"content":{"rendered":"\n<h4 class=\"wp-block-heading has-text-align-center alignfull\"><strong>De Rapha\u00ebl Jerusalmy l\u2019on connaissait les remarquables romans inscrits dans l\u2019histoire proche ou plus lointaine, formidables r\u00e9cits d\u2019aventures humaines et intellectuelles. L\u2019on pense ici \u00e0 \u00ab&nbsp;<em>La rose de Saragosse<\/em>&nbsp;\u00bb, \u00ab&nbsp;<em>La Confr\u00e9rie des chasseurs de livres<\/em>&nbsp;\u00bb, \u00ab&nbsp;<em>Evacuation<\/em>&nbsp;\u00bb ou encore au bouleversant \u00ab&nbsp;<em>In Absentia<\/em>.&nbsp;\u00bb Avec \u00ab&nbsp;<em>Navr\u00e9<\/em>&nbsp;\u00bb l\u2019\u00e9crivain franco-isra\u00e9lien s\u2019engage sur une voie nouvelle, toujours une immersion dans l\u2019histoire mais en jouant cette fois des codes du roman noir. Une toute jeune maison d\u2019\u00e9dition, <em>L\u2019Animal<\/em>, accompagne cette aventure d\u2019\u00e9criture<\/strong><\/h4>\n\n\n\n<figure class=\"wp-block-image alignleft size-full\"><img loading=\"lazy\" decoding=\"async\" width=\"154\" height=\"223\" src=\"https:\/\/jclebrun.eu\/blog\/wp-content\/uploads\/2026\/08\/ROMAN.jpeg\" alt=\"\" class=\"wp-image-3098\"\/><\/figure>\n\n\n\n<h4 class=\"wp-block-heading\">\u00ab&nbsp;<strong><em>Navr\u00e9<\/em><\/strong>&nbsp;\u00bb se d\u00e9roule dans le Paris de la fin du XIXe si\u00e8cle, un an apr\u00e8s l\u2019exposition universelle de 1889 organis\u00e9e pour le centenaire de la R\u00e9volution fran\u00e7aise&nbsp;: il s\u2019agissait pour le pays d\u2019afficher sa puissance industrielle, architecturale et culturelle. Et pour la capitale d\u2019affirmer sa position \u00e0 l\u2019avant-garde de la modernit\u00e9. L\u2019impressionnante <em>Galerie des machines<\/em> et le bouillonnant <em>Palais des arts<\/em> en offraient la convaincante d\u00e9monstration. Sans oublier les diff\u00e9rentes <em>reconstitutions exotiques<\/em> \u00e0 la gloire de la France comme puissance coloniale. Dans le \u00ab&nbsp;village n\u00e8gre&nbsp;\u00bb sur l\u2019esplanade des Invalides l\u2019on pouvait ainsi voir quatre-cents Africains \u00ab&nbsp;<em>gambadant dans un enclos aux allures de paradis perdu parsem\u00e9 de plantes exotiques et de fontaines<\/em>.&nbsp;\u00bb A coup s\u00fbr l\u2019une des grandes attractions de l\u2019exposition avec la gigantesque tour de l\u2019ing\u00e9nieur Eiffel plant\u00e9e au bout du Champ-de-Mars.<\/h4>\n\n\n\n<blockquote class=\"wp-block-quote is-layout-flow wp-block-quote-is-layout-flow\">\n<h4 class=\"wp-block-heading\"><strong>Et puis au jardin d\u2019acclimatation les singes n\u2019ont plus la vedette<\/strong><\/h4>\n<\/blockquote>\n\n\n\n<h4 class=\"wp-block-heading\">C\u2019est dans ce Paris en pleine effervescence que vit un certain Gustave Loisel, rentier de son \u00e9tat. La profession est \u00e0 la mode depuis le fameux \u00ab&nbsp;<em>enrichissez-vous&nbsp;!<\/em>&nbsp;\u00bb de Guizot. Impossible de ne pas entendre <em>oisif<\/em> dans Loisel. Le personnage ressemble en effet terriblement aux caricatures de bourgeois dans les dessins de Daumier. Depuis le soin apport\u00e9 \u00e0 sa v\u00eature, ses cannes de dandy et son go\u00fbt pour la bonne ch\u00e8re jusqu\u2019\u00e0 son embonpoint. Un couple de serviteurs \u00e9migr\u00e9 des terres pauvres de la Sarthe pourvoit \u00e0 son confort. S\u00e9raphine par l\u2019excellence de sa \u00ab&nbsp;<em>popote<\/em> \u00bb, Augustin par les services grands et petits, d\u00e9clar\u00e9s ou plus discrets, du quotidien. L\u2019une des principales activit\u00e9s de Loisel, c\u2019est sa promenade quotidienne. Le roman s\u2019ouvre pr\u00e9cis\u00e9ment sur un apr\u00e8s-midi au bois de Boulogne, dont Rapha\u00ebl Jerusalmy propose un tableau f\u00e9roce. Un r\u00e9gal de quatre pages. Rien n\u2019y manque&nbsp;: le lieu est \u00ab&nbsp;<em>infest\u00e9 de bambins, de boutiquiers toilett\u00e9s, de dames \u00e0 ombrelles<\/em>&nbsp;\u00bb, le lac est \u00ab&nbsp;<em>encombr\u00e9 de barques<\/em>&nbsp;\u00bb, partout des \u00ab&nbsp;<em>familles en pique-nique, des amoureux qui se b\u00e9cotent<\/em> <em>\u00ad[\u2026] des gens \u00e0 bicyclette<\/em>.&nbsp;\u00bb Et puis au jardin d\u2019acclimatation les singes n\u2019ont plus la vedette&nbsp;: \u00ab&nbsp;<em>elle leur a \u00e9t\u00e9 ravie par une exhibition de sauvages<\/em>&nbsp;\u00bb, des Yagans venus de la Terre de Feu.<\/h4>\n\n\n\n<blockquote class=\"wp-block-quote is-layout-flow wp-block-quote-is-layout-flow\">\n<h4 class=\"wp-block-heading\"><strong>En dix-neuf lignes, pas une de plus, dans une sc\u00e8ne fulgurante et superbe, Rapha\u00ebl Jerusalmy illustre toute la relativit\u00e9 de la notion de sauvage<\/strong><\/h4>\n<\/blockquote>\n\n\n\n<h4 class=\"wp-block-heading\">Le ton est donn\u00e9 de ce singulier r\u00e9cit du quotidien d\u2019un bourgeois de Paris qui bient\u00f4t, sur le chapitre de la sauvagerie, d\u00e9montrera sa macabre sup\u00e9riorit\u00e9. En attendant voici Gustave maintenant accoud\u00e9 \u00e0 la rambarde de la fosse dans laquelle se tient immobile et silencieuse une famille arrach\u00e9e aux grands vents et aux d\u00e9cha\u00eenements marins du bout du monde. Un homme est assis de l\u2019autre c\u00f4t\u00e9 en contrebas. Leurs regards se croisent. En dix-neuf lignes, pas une de plus, dans une sc\u00e8ne fulgurante et superbe, Rapha\u00ebl Jerusalmy illustre toute la relativit\u00e9 de la notion de sauvage. D\u2019autres visites au jardin d\u2019acclimatation suivront. La sc\u00e8ne finale du roman s\u2019y d\u00e9roulera, pour mieux souligner ce qui se joue l\u00e0 de fondamental. C\u2019est qu\u2019entretemps un voisin du petit h\u00f4tel particulier aura \u00e9t\u00e9 assassin\u00e9. Depuis sa cuisine, S\u00e9raphine avait observ\u00e9 des sc\u00e8nes de violences conjugales, les avait racont\u00e9es \u00e0 un Augustin horrifi\u00e9. Une main vengeresse s\u2019\u00e9tait abattue sur le coupable. On avait vu l\u2019inspecteur Lef\u00e8vre entrer en sc\u00e8ne. Puis Augustin avait myst\u00e9rieusement disparu. La douce Laure s\u2019\u00e9tait maintenant install\u00e9e dans la vie de Gustave. Il l\u2019avait \u00e9pous\u00e9e. Bient\u00f4t Gustave aurait la surprise de lui d\u00e9couvrir deux surprenantes passions&nbsp;: la folie et les difformit\u00e9s humaines de toutes natures. Sans compter son int\u00e9r\u00eat marqu\u00e9 pour l\u2019hypnose. Depuis peu d\u2019ann\u00e9es Charcot \u00e0 Paris et Freud \u00e0 Vienne approfondissaient la r\u00e9flexion initi\u00e9e par Mesmer un si\u00e8cle plus t\u00f4t. Ce qui se donne ici tout simplement \u00e0 voir, c\u2019est un roman noir fa\u00e7on XIX\u00e8me si\u00e8cle, de bout en bout extraordinairement cultiv\u00e9 et subtil, \u00e0 la crois\u00e9e du roman criminel, du roman social et du roman psychologique. Auquel la sc\u00e8ne de la fosse au jardin d\u2019acclimatation, qui s\u2019\u00e9tait par la suite r\u00e9p\u00e9t\u00e9e, avec un jour un hallucinant \u00e9change de cadeaux entre le pr\u00e9tendu civilis\u00e9 et le pr\u00e9tendu sauvage, donne une profondeur et une r\u00e9sonance r\u00e9solument modernes.<\/h4>\n\n\n\n<blockquote class=\"wp-block-quote is-layout-flow wp-block-quote-is-layout-flow\">\n<h4 class=\"wp-block-heading\"><strong>Tout juste trois ans plus t\u00f4t, en 1886, Robert-Louis Stevenson faisait para\u00eetre sa c\u00e9l\u00e8bre nouvelle<\/strong><\/h4>\n<\/blockquote>\n\n\n\n<h4 class=\"wp-block-heading\">Rapha\u00ebl Jerusalmy orchestre magistralement cette mati\u00e8re foisonnante. Un roman surprenant et captivant en r\u00e9sulte. L\u2019on y voit Gustave Loisel litt\u00e9ralement gav\u00e9 de douceurs culinaires par sa cuisini\u00e8re. Une tr\u00e8s perverse vengeance de classe&nbsp;? Ou bien aller s\u2019acoquiner, moyennant finances, \u00e0 de sombres individus. L\u2019amateur raffin\u00e9 de livres et autres belles choses, le collectionneur \u00e9clair\u00e9, aurait-il quelque chose de Jekyll et Hyde&nbsp;? Tout juste trois ans plus t\u00f4t, en 1886, Robert-Louis Stevenson faisait para\u00eetre sa c\u00e9l\u00e8bre nouvelle. \u00c9tait-ce le m\u00eame Gustave, entre celui qui avait entrepris avec Laure l\u2019ascension vers les \u00e9tages sup\u00e9rieurs de la tour Eiffel et celui qui s\u2019en \u00e9tait retourn\u00e9 seul&nbsp;? \u00c9tait-ce encore un autre Gustave, qui dans les pages ultimes du livre s\u2019\u00e9tait retrouv\u00e9 face au Yagan, qu\u2019il consid\u00e9rait d\u00e9sormais \u00ab&nbsp;<em>comme son seul et dernier ami sur cette terre<\/em>&nbsp;\u00bb&nbsp;? Une sc\u00e8ne de haute po\u00e9sie, quand Gustave tire d\u2019une petite bourse des billes de verre et que leurs scintillements iris\u00e9s apparaissent du \u00ab&nbsp;<em>m\u00eame \u00e9clat cristallin que celui qui brille \u00e0 la cr\u00eate des vagues de l\u2019Antarctique<\/em>.&nbsp;\u00bb Admirable final d\u2019un livre qui sort d\u00e9lib\u00e9r\u00e9ment de l\u2019ordinaire.<\/h4>\n\n\n\n<h5 class=\"wp-block-heading\">\u00ab&nbsp;<strong><em>Navr\u00e9<\/em><\/strong>&nbsp;\u00bb de Rapha\u00ebl Jerusalmy, Editions L\u2019Animal, 224 pages, 20 \u20ac<\/h5>\n\n\n\n<h5 class=\"wp-block-heading\">10\/09\/2026 \u2013 1792 \u2013 W172<\/h5>\n\n\n\n<p class=\"wp-block-paragraph\"><\/p>\n","protected":false},"excerpt":{"rendered":"<p>De Rapha\u00ebl Jerusalmy l\u2019on connaissait les remarquables romans inscrits dans l\u2019histoire proche ou plus lointaine, formidables r\u00e9cits d\u2019aventures humaines et intellectuelles. L\u2019on pense ici \u00e0 \u00ab&nbsp;La rose de Saragosse&nbsp;\u00bb, \u00ab&nbsp;La Confr\u00e9rie des chasseurs de livres&nbsp;\u00bb, \u00ab&nbsp;Evacuation&nbsp;\u00bb ou encore au bouleversant \u00ab&nbsp;In Absentia.&nbsp;\u00bb Avec \u00ab&nbsp;Navr\u00e9&nbsp;\u00bb l\u2019\u00e9crivain franco-isra\u00e9lien s\u2019engage sur une voie nouvelle, toujours une immersion dans [&hellip;]<\/p>\n","protected":false},"author":1,"featured_media":0,"comment_status":"open","ping_status":"open","sticky":false,"template":"","format":"standard","meta":{"_eb_attr":"","footnotes":""},"categories":[113],"tags":[168],"class_list":["post-3094","post","type-post","status-publish","format-standard","hentry","category-roman","tag-une-fiction-noire-et-cultivee-dans-le-paris-de-la-fin-du-xixe"],"yoast_head":"<!-- This site is optimized with the Yoast SEO plugin v28.4 - https:\/\/yoast.com\/product\/yoast-seo-wordpress\/ -->\n<title>Rapha\u00ebl JERUSALMY - Blog de Jean-Claude Lebrun<\/title>\n<meta name=\"description\" content=\"Une fiction noire et cultiv\u00e9e dans le Paris du XIXe d&#039;une formidable modernit\u00e9\" \/>\n<meta name=\"robots\" content=\"index, follow, max-snippet:-1, max-image-preview:large, max-video-preview:-1\" \/>\n<link rel=\"canonical\" href=\"http:\/\/jclebrun.eu\/blog\/2026\/08\/20\/raphael-jerusalmy\/\" \/>\n<meta property=\"og:locale\" content=\"fr_FR\" \/>\n<meta property=\"og:type\" content=\"article\" \/>\n<meta property=\"og:title\" content=\"Rapha\u00ebl JERUSALMY - Blog de Jean-Claude Lebrun\" \/>\n<meta property=\"og:description\" content=\"Une fiction noire et cultiv\u00e9e dans le Paris du XIXe d&#039;une formidable modernit\u00e9\" \/>\n<meta property=\"og:url\" content=\"http:\/\/jclebrun.eu\/blog\/2026\/08\/20\/raphael-jerusalmy\/\" \/>\n<meta property=\"og:site_name\" content=\"Blog de Jean-Claude Lebrun\" \/>\n<meta property=\"article:author\" content=\"https:\/\/www.facebook.com\/jeanclaude.lebrun.9\" \/>\n<meta property=\"article:published_time\" content=\"2026-08-20T09:51:01+00:00\" \/>\n<meta property=\"article:modified_time\" content=\"2026-08-21T08:03:33+00:00\" \/>\n<meta property=\"og:image\" content=\"https:\/\/jclebrun.eu\/blog\/wp-content\/uploads\/2026\/08\/ROMAN.jpeg\" \/>\n<meta name=\"author\" content=\"jclebrun\" \/>\n<meta name=\"twitter:card\" content=\"summary_large_image\" \/>\n<meta name=\"twitter:label1\" content=\"\u00c9crit par\" \/>\n\t<meta name=\"twitter:data1\" content=\"jclebrun\" \/>\n\t<meta name=\"twitter:label2\" content=\"Dur\u00e9e de lecture estim\u00e9e\" \/>\n\t<meta name=\"twitter:data2\" content=\"5 minutes\" \/>\n<script type=\"application\/ld+json\" class=\"yoast-schema-graph\">{\"@context\":\"https:\\\/\\\/schema.org\",\"@graph\":[{\"@type\":\"Article\",\"@id\":\"http:\\\/\\\/jclebrun.eu\\\/blog\\\/2026\\\/08\\\/20\\\/raphael-jerusalmy\\\/#article\",\"isPartOf\":{\"@id\":\"http:\\\/\\\/jclebrun.eu\\\/blog\\\/2026\\\/08\\\/20\\\/raphael-jerusalmy\\\/\"},\"author\":{\"name\":\"jclebrun\",\"@id\":\"http:\\\/\\\/jclebrun.eu\\\/blog\\\/#\\\/schema\\\/person\\\/cdba083ef40db3843f5e37b6c8740865\"},\"headline\":\"Rapha\u00ebl JERUSALMY\",\"datePublished\":\"2026-08-20T09:51:01+00:00\",\"dateModified\":\"2026-08-21T08:03:33+00:00\",\"mainEntityOfPage\":{\"@id\":\"http:\\\/\\\/jclebrun.eu\\\/blog\\\/2026\\\/08\\\/20\\\/raphael-jerusalmy\\\/\"},\"wordCount\":1142,\"commentCount\":0,\"publisher\":{\"@id\":\"http:\\\/\\\/jclebrun.eu\\\/blog\\\/#organization\"},\"image\":{\"@id\":\"http:\\\/\\\/jclebrun.eu\\\/blog\\\/2026\\\/08\\\/20\\\/raphael-jerusalmy\\\/#primaryimage\"},\"thumbnailUrl\":\"https:\\\/\\\/jclebrun.eu\\\/blog\\\/wp-content\\\/uploads\\\/2026\\\/08\\\/ROMAN.jpeg\",\"keywords\":[\"Une fiction noire et cultiv\u00e9e dans le Paris de la fin du XIXe\"],\"articleSection\":[\"Roman\"],\"inLanguage\":\"fr-FR\",\"potentialAction\":[{\"@type\":\"CommentAction\",\"name\":\"Comment\",\"target\":[\"http:\\\/\\\/jclebrun.eu\\\/blog\\\/2026\\\/08\\\/20\\\/raphael-jerusalmy\\\/#respond\"]}]},{\"@type\":\"WebPage\",\"@id\":\"http:\\\/\\\/jclebrun.eu\\\/blog\\\/2026\\\/08\\\/20\\\/raphael-jerusalmy\\\/\",\"url\":\"http:\\\/\\\/jclebrun.eu\\\/blog\\\/2026\\\/08\\\/20\\\/raphael-jerusalmy\\\/\",\"name\":\"Rapha\u00ebl JERUSALMY - Blog de Jean-Claude Lebrun\",\"isPartOf\":{\"@id\":\"http:\\\/\\\/jclebrun.eu\\\/blog\\\/#website\"},\"primaryImageOfPage\":{\"@id\":\"http:\\\/\\\/jclebrun.eu\\\/blog\\\/2026\\\/08\\\/20\\\/raphael-jerusalmy\\\/#primaryimage\"},\"image\":{\"@id\":\"http:\\\/\\\/jclebrun.eu\\\/blog\\\/2026\\\/08\\\/20\\\/raphael-jerusalmy\\\/#primaryimage\"},\"thumbnailUrl\":\"https:\\\/\\\/jclebrun.eu\\\/blog\\\/wp-content\\\/uploads\\\/2026\\\/08\\\/ROMAN.jpeg\",\"datePublished\":\"2026-08-20T09:51:01+00:00\",\"dateModified\":\"2026-08-21T08:03:33+00:00\",\"description\":\"Une fiction noire et cultiv\u00e9e dans le Paris du XIXe d'une formidable modernit\u00e9\",\"breadcrumb\":{\"@id\":\"http:\\\/\\\/jclebrun.eu\\\/blog\\\/2026\\\/08\\\/20\\\/raphael-jerusalmy\\\/#breadcrumb\"},\"inLanguage\":\"fr-FR\",\"potentialAction\":[{\"@type\":\"ReadAction\",\"target\":[\"http:\\\/\\\/jclebrun.eu\\\/blog\\\/2026\\\/08\\\/20\\\/raphael-jerusalmy\\\/\"]}]},{\"@type\":\"ImageObject\",\"inLanguage\":\"fr-FR\",\"@id\":\"http:\\\/\\\/jclebrun.eu\\\/blog\\\/2026\\\/08\\\/20\\\/raphael-jerusalmy\\\/#primaryimage\",\"url\":\"https:\\\/\\\/jclebrun.eu\\\/blog\\\/wp-content\\\/uploads\\\/2026\\\/08\\\/ROMAN.jpeg\",\"contentUrl\":\"https:\\\/\\\/jclebrun.eu\\\/blog\\\/wp-content\\\/uploads\\\/2026\\\/08\\\/ROMAN.jpeg\",\"width\":154,\"height\":223},{\"@type\":\"BreadcrumbList\",\"@id\":\"http:\\\/\\\/jclebrun.eu\\\/blog\\\/2026\\\/08\\\/20\\\/raphael-jerusalmy\\\/#breadcrumb\",\"itemListElement\":[{\"@type\":\"ListItem\",\"position\":1,\"name\":\"Accueil\",\"item\":\"http:\\\/\\\/jclebrun.eu\\\/blog\\\/\"},{\"@type\":\"ListItem\",\"position\":2,\"name\":\"Rapha\u00ebl JERUSALMY\"}]},{\"@type\":\"WebSite\",\"@id\":\"http:\\\/\\\/jclebrun.eu\\\/blog\\\/#website\",\"url\":\"http:\\\/\\\/jclebrun.eu\\\/blog\\\/\",\"name\":\"Territoires romanesques 2023\",\"description\":\"Un site de critique litt\u00e9raire, par un chroniqueur laur\u00e9at de l&#039;Acad\u00e9mie fran\u00e7aise, utilisant WordPress\",\"publisher\":{\"@id\":\"http:\\\/\\\/jclebrun.eu\\\/blog\\\/#organization\"},\"potentialAction\":[{\"@type\":\"SearchAction\",\"target\":{\"@type\":\"EntryPoint\",\"urlTemplate\":\"http:\\\/\\\/jclebrun.eu\\\/blog\\\/?s={search_term_string}\"},\"query-input\":{\"@type\":\"PropertyValueSpecification\",\"valueRequired\":true,\"valueName\":\"search_term_string\"}}],\"inLanguage\":\"fr-FR\"},{\"@type\":\"Organization\",\"@id\":\"http:\\\/\\\/jclebrun.eu\\\/blog\\\/#organization\",\"name\":\"Territoires romanesques 2023\",\"alternateName\":\"Site de critique litt\u00e9raire\",\"url\":\"http:\\\/\\\/jclebrun.eu\\\/blog\\\/\",\"logo\":{\"@type\":\"ImageObject\",\"inLanguage\":\"fr-FR\",\"@id\":\"http:\\\/\\\/jclebrun.eu\\\/blog\\\/#\\\/schema\\\/logo\\\/image\\\/\",\"url\":\"http:\\\/\\\/jclebrun.eu\\\/blog\\\/wp-content\\\/uploads\\\/2022\\\/05\\\/IMG_1446.jpg\",\"contentUrl\":\"http:\\\/\\\/jclebrun.eu\\\/blog\\\/wp-content\\\/uploads\\\/2022\\\/05\\\/IMG_1446.jpg\",\"width\":320,\"height\":240,\"caption\":\"Territoires romanesques 2023\"},\"image\":{\"@id\":\"http:\\\/\\\/jclebrun.eu\\\/blog\\\/#\\\/schema\\\/logo\\\/image\\\/\"}},{\"@type\":\"Person\",\"@id\":\"http:\\\/\\\/jclebrun.eu\\\/blog\\\/#\\\/schema\\\/person\\\/cdba083ef40db3843f5e37b6c8740865\",\"name\":\"jclebrun\",\"image\":{\"@type\":\"ImageObject\",\"inLanguage\":\"fr-FR\",\"@id\":\"https:\\\/\\\/secure.gravatar.com\\\/avatar\\\/118dbfb0f4a9d8a96bc1b427f2631f2959b7cfb096d21557bc3878701c80e534?s=96&d=mm&r=g\",\"url\":\"https:\\\/\\\/secure.gravatar.com\\\/avatar\\\/118dbfb0f4a9d8a96bc1b427f2631f2959b7cfb096d21557bc3878701c80e534?s=96&d=mm&r=g\",\"contentUrl\":\"https:\\\/\\\/secure.gravatar.com\\\/avatar\\\/118dbfb0f4a9d8a96bc1b427f2631f2959b7cfb096d21557bc3878701c80e534?s=96&d=mm&r=g\",\"caption\":\"jclebrun\"},\"description\":\"Chroniqueur litt\u00e9raire \u00e0 L'Humanit\u00e9 (1992-2022) Prix de la critique de l'Acad\u00e9mie fran\u00e7aise (2000)\",\"sameAs\":[\"http:\\\/\\\/jclebrun.eu\\\/blog\",\"https:\\\/\\\/www.facebook.com\\\/jeanclaude.lebrun.9\",\"https:\\\/\\\/fr.wikipedia.org\\\/wiki\\\/Jean-Claude_Lebrun\"],\"url\":\"https:\\\/\\\/jclebrun.eu\\\/blog\\\/author\\\/jclebrun\\\/\"}]}<\/script>\n<!-- \/ Yoast SEO plugin. -->","yoast_head_json":{"title":"Rapha\u00ebl JERUSALMY - Blog de Jean-Claude Lebrun","description":"Une fiction noire et cultiv\u00e9e dans le Paris du XIXe d'une formidable modernit\u00e9","robots":{"index":"index","follow":"follow","max-snippet":"max-snippet:-1","max-image-preview":"max-image-preview:large","max-video-preview":"max-video-preview:-1"},"canonical":"http:\/\/jclebrun.eu\/blog\/2026\/08\/20\/raphael-jerusalmy\/","og_locale":"fr_FR","og_type":"article","og_title":"Rapha\u00ebl JERUSALMY - Blog de Jean-Claude Lebrun","og_description":"Une fiction noire et cultiv\u00e9e dans le Paris du XIXe d'une formidable modernit\u00e9","og_url":"http:\/\/jclebrun.eu\/blog\/2026\/08\/20\/raphael-jerusalmy\/","og_site_name":"Blog de Jean-Claude Lebrun","article_author":"https:\/\/www.facebook.com\/jeanclaude.lebrun.9","article_published_time":"2026-08-20T09:51:01+00:00","article_modified_time":"2026-08-21T08:03:33+00:00","og_image":[{"url":"https:\/\/jclebrun.eu\/blog\/wp-content\/uploads\/2026\/08\/ROMAN.jpeg","type":"","width":"","height":""}],"author":"jclebrun","twitter_card":"summary_large_image","twitter_misc":{"\u00c9crit par":"jclebrun","Dur\u00e9e de lecture estim\u00e9e":"5 minutes"},"schema":{"@context":"https:\/\/schema.org","@graph":[{"@type":"Article","@id":"http:\/\/jclebrun.eu\/blog\/2026\/08\/20\/raphael-jerusalmy\/#article","isPartOf":{"@id":"http:\/\/jclebrun.eu\/blog\/2026\/08\/20\/raphael-jerusalmy\/"},"author":{"name":"jclebrun","@id":"http:\/\/jclebrun.eu\/blog\/#\/schema\/person\/cdba083ef40db3843f5e37b6c8740865"},"headline":"Rapha\u00ebl JERUSALMY","datePublished":"2026-08-20T09:51:01+00:00","dateModified":"2026-08-21T08:03:33+00:00","mainEntityOfPage":{"@id":"http:\/\/jclebrun.eu\/blog\/2026\/08\/20\/raphael-jerusalmy\/"},"wordCount":1142,"commentCount":0,"publisher":{"@id":"http:\/\/jclebrun.eu\/blog\/#organization"},"image":{"@id":"http:\/\/jclebrun.eu\/blog\/2026\/08\/20\/raphael-jerusalmy\/#primaryimage"},"thumbnailUrl":"https:\/\/jclebrun.eu\/blog\/wp-content\/uploads\/2026\/08\/ROMAN.jpeg","keywords":["Une fiction noire et cultiv\u00e9e dans le Paris de la fin du XIXe"],"articleSection":["Roman"],"inLanguage":"fr-FR","potentialAction":[{"@type":"CommentAction","name":"Comment","target":["http:\/\/jclebrun.eu\/blog\/2026\/08\/20\/raphael-jerusalmy\/#respond"]}]},{"@type":"WebPage","@id":"http:\/\/jclebrun.eu\/blog\/2026\/08\/20\/raphael-jerusalmy\/","url":"http:\/\/jclebrun.eu\/blog\/2026\/08\/20\/raphael-jerusalmy\/","name":"Rapha\u00ebl JERUSALMY - Blog de Jean-Claude Lebrun","isPartOf":{"@id":"http:\/\/jclebrun.eu\/blog\/#website"},"primaryImageOfPage":{"@id":"http:\/\/jclebrun.eu\/blog\/2026\/08\/20\/raphael-jerusalmy\/#primaryimage"},"image":{"@id":"http:\/\/jclebrun.eu\/blog\/2026\/08\/20\/raphael-jerusalmy\/#primaryimage"},"thumbnailUrl":"https:\/\/jclebrun.eu\/blog\/wp-content\/uploads\/2026\/08\/ROMAN.jpeg","datePublished":"2026-08-20T09:51:01+00:00","dateModified":"2026-08-21T08:03:33+00:00","description":"Une fiction noire et cultiv\u00e9e dans le Paris du XIXe d'une formidable modernit\u00e9","breadcrumb":{"@id":"http:\/\/jclebrun.eu\/blog\/2026\/08\/20\/raphael-jerusalmy\/#breadcrumb"},"inLanguage":"fr-FR","potentialAction":[{"@type":"ReadAction","target":["http:\/\/jclebrun.eu\/blog\/2026\/08\/20\/raphael-jerusalmy\/"]}]},{"@type":"ImageObject","inLanguage":"fr-FR","@id":"http:\/\/jclebrun.eu\/blog\/2026\/08\/20\/raphael-jerusalmy\/#primaryimage","url":"https:\/\/jclebrun.eu\/blog\/wp-content\/uploads\/2026\/08\/ROMAN.jpeg","contentUrl":"https:\/\/jclebrun.eu\/blog\/wp-content\/uploads\/2026\/08\/ROMAN.jpeg","width":154,"height":223},{"@type":"BreadcrumbList","@id":"http:\/\/jclebrun.eu\/blog\/2026\/08\/20\/raphael-jerusalmy\/#breadcrumb","itemListElement":[{"@type":"ListItem","position":1,"name":"Accueil","item":"http:\/\/jclebrun.eu\/blog\/"},{"@type":"ListItem","position":2,"name":"Rapha\u00ebl JERUSALMY"}]},{"@type":"WebSite","@id":"http:\/\/jclebrun.eu\/blog\/#website","url":"http:\/\/jclebrun.eu\/blog\/","name":"Territoires romanesques 2023","description":"Un site de critique litt\u00e9raire, par un chroniqueur laur\u00e9at de l&#039;Acad\u00e9mie fran\u00e7aise, utilisant WordPress","publisher":{"@id":"http:\/\/jclebrun.eu\/blog\/#organization"},"potentialAction":[{"@type":"SearchAction","target":{"@type":"EntryPoint","urlTemplate":"http:\/\/jclebrun.eu\/blog\/?s={search_term_string}"},"query-input":{"@type":"PropertyValueSpecification","valueRequired":true,"valueName":"search_term_string"}}],"inLanguage":"fr-FR"},{"@type":"Organization","@id":"http:\/\/jclebrun.eu\/blog\/#organization","name":"Territoires romanesques 2023","alternateName":"Site de critique litt\u00e9raire","url":"http:\/\/jclebrun.eu\/blog\/","logo":{"@type":"ImageObject","inLanguage":"fr-FR","@id":"http:\/\/jclebrun.eu\/blog\/#\/schema\/logo\/image\/","url":"http:\/\/jclebrun.eu\/blog\/wp-content\/uploads\/2022\/05\/IMG_1446.jpg","contentUrl":"http:\/\/jclebrun.eu\/blog\/wp-content\/uploads\/2022\/05\/IMG_1446.jpg","width":320,"height":240,"caption":"Territoires romanesques 2023"},"image":{"@id":"http:\/\/jclebrun.eu\/blog\/#\/schema\/logo\/image\/"}},{"@type":"Person","@id":"http:\/\/jclebrun.eu\/blog\/#\/schema\/person\/cdba083ef40db3843f5e37b6c8740865","name":"jclebrun","image":{"@type":"ImageObject","inLanguage":"fr-FR","@id":"https:\/\/secure.gravatar.com\/avatar\/118dbfb0f4a9d8a96bc1b427f2631f2959b7cfb096d21557bc3878701c80e534?s=96&d=mm&r=g","url":"https:\/\/secure.gravatar.com\/avatar\/118dbfb0f4a9d8a96bc1b427f2631f2959b7cfb096d21557bc3878701c80e534?s=96&d=mm&r=g","contentUrl":"https:\/\/secure.gravatar.com\/avatar\/118dbfb0f4a9d8a96bc1b427f2631f2959b7cfb096d21557bc3878701c80e534?s=96&d=mm&r=g","caption":"jclebrun"},"description":"Chroniqueur litt\u00e9raire \u00e0 L'Humanit\u00e9 (1992-2022) Prix de la critique de l'Acad\u00e9mie fran\u00e7aise (2000)","sameAs":["http:\/\/jclebrun.eu\/blog","https:\/\/www.facebook.com\/jeanclaude.lebrun.9","https:\/\/fr.wikipedia.org\/wiki\/Jean-Claude_Lebrun"],"url":"https:\/\/jclebrun.eu\/blog\/author\/jclebrun\/"}]}},"_links":{"self":[{"href":"https:\/\/jclebrun.eu\/blog\/wp-json\/wp\/v2\/posts\/3094","targetHints":{"allow":["GET"]}}],"collection":[{"href":"https:\/\/jclebrun.eu\/blog\/wp-json\/wp\/v2\/posts"}],"about":[{"href":"https:\/\/jclebrun.eu\/blog\/wp-json\/wp\/v2\/types\/post"}],"author":[{"embeddable":true,"href":"https:\/\/jclebrun.eu\/blog\/wp-json\/wp\/v2\/users\/1"}],"replies":[{"embeddable":true,"href":"https:\/\/jclebrun.eu\/blog\/wp-json\/wp\/v2\/comments?post=3094"}],"version-history":[{"count":3,"href":"https:\/\/jclebrun.eu\/blog\/wp-json\/wp\/v2\/posts\/3094\/revisions"}],"predecessor-version":[{"id":3100,"href":"https:\/\/jclebrun.eu\/blog\/wp-json\/wp\/v2\/posts\/3094\/revisions\/3100"}],"wp:attachment":[{"href":"https:\/\/jclebrun.eu\/blog\/wp-json\/wp\/v2\/media?parent=3094"}],"wp:term":[{"taxonomy":"category","embeddable":true,"href":"https:\/\/jclebrun.eu\/blog\/wp-json\/wp\/v2\/categories?post=3094"},{"taxonomy":"post_tag","embeddable":true,"href":"https:\/\/jclebrun.eu\/blog\/wp-json\/wp\/v2\/tags?post=3094"}],"curies":[{"name":"wp","href":"https:\/\/api.w.org\/{rel}","templated":true}]}}